{"id":2795,"date":"2023-10-19T10:31:52","date_gmt":"2023-10-19T09:31:52","guid":{"rendered":"https:\/\/www.legatrain.de\/akad\/?p=2795"},"modified":"2023-10-19T10:31:52","modified_gmt":"2023-10-19T09:31:52","slug":"neues-leitungsteam-der-legatrain-akademie","status":"publish","type":"post","link":"https:\/\/www.legatrain.de\/akad\/neues-leitungsteam-der-legatrain-akademie\/","title":{"rendered":"Neues Leitungsteam der Legatrain-Akademie!"},"content":{"rendered":"<p>Wichtige Info f\u00fcr alle Kursteilnehmer und Interessenten.<\/p>\n<p>Ab Oktober 2023 wird die Gesch\u00e4ftsleitung der Legatrain-Akademie von Evelyn und Severin Kollenberg \u00fcbernommen (Kollenberg Legatrain-Akademie GbR, siehe Impressum). Die wissenschaftliche Leitung f\u00fchrt<br \/>\nFrau Dr. Hellwig weiter. Konzepte, Inhalte, Qualit\u00e4t und Zertifizierungen bleiben bestehen und werden gemeinsam weiterentwickelt.<\/p>\n<p>Alle Kursteilnehmer, die vor Oktober 2023 eine Weiterbildung begonnen haben, werden von Frau Dr. Hellwig und Team weiterhin betreut.<\/p>\n","protected":false},"excerpt":{"rendered":"<p>Wichtige Info f\u00fcr alle Kursteilnehmer und Interessenten. Ab Oktober 2023 wird die Gesch\u00e4ftsleitung der Legatrain-Akademie von Evelyn und Severin Kollenberg \u00fcbernommen (Kollenberg Legatrain-Akademie GbR, siehe Impressum). Die wissenschaftliche Leitung f\u00fchrt Frau Dr. Hellwig weiter. Konzepte, Inhalte, Qualit\u00e4t und Zertifizierungen bleiben bestehen und werden gemeinsam weiterentwickelt. Alle Kursteilnehmer, die vor Oktober 2023 eine Weiterbildung begonnen haben, &hellip; <a href=\"https:\/\/www.legatrain.de\/akad\/neues-leitungsteam-der-legatrain-akademie\/\" class=\"more-link\"><span class=\"screen-reader-text\">\u201eNeues Leitungsteam der Legatrain-Akademie!\u201c<\/span> weiterlesen<\/a><\/p>\n","protected":false},"author":3,"featured_media":0,"comment_status":"closed","ping_status":"closed","sticky":false,"template":"","format":"standard","meta":{"footnotes":""},"categories":[1],"tags":[],"class_list":["post-2795","post","type-post","status-publish","format-standard","hentry","category-uncategorized"],"_links":{"self":[{"href":"https:\/\/www.legatrain.de\/akad\/wp-json\/wp\/v2\/posts\/2795"}],"collection":[{"href":"https:\/\/www.legatrain.de\/akad\/wp-json\/wp\/v2\/posts"}],"about":[{"href":"https:\/\/www.legatrain.de\/akad\/wp-json\/wp\/v2\/types\/post"}],"author":[{"embeddable":true,"href":"https:\/\/www.legatrain.de\/akad\/wp-json\/wp\/v2\/users\/3"}],"replies":[{"embeddable":true,"href":"https:\/\/www.legatrain.de\/akad\/wp-json\/wp\/v2\/comments?post=2795"}],"version-history":[{"count":1,"href":"https:\/\/www.legatrain.de\/akad\/wp-json\/wp\/v2\/posts\/2795\/revisions"}],"predecessor-version":[{"id":2796,"href":"https:\/\/www.legatrain.de\/akad\/wp-json\/wp\/v2\/posts\/2795\/revisions\/2796"}],"wp:attachment":[{"href":"https:\/\/www.legatrain.de\/akad\/wp-json\/wp\/v2\/media?parent=2795"}],"wp:term":[{"taxonomy":"category","embeddable":true,"href":"https:\/\/www.legatrain.de\/akad\/wp-json\/wp\/v2\/categories?post=2795"},{"taxonomy":"post_tag","embeddable":true,"href":"https:\/\/www.legatrain.de\/akad\/wp-json\/wp\/v2\/tags?post=2795"}],"curies":[{"name":"wp","href":"https:\/\/api.w.org\/{rel}","templated":true}]}}